{"id":940,"date":"2026-09-03T17:03:47","date_gmt":"2026-09-03T17:03:47","guid":{"rendered":"https:\/\/seminariossiap.es\/bsms\/?p=940"},"modified":"2026-09-03T17:09:32","modified_gmt":"2026-09-03T17:09:32","slug":"el-dolor-expropiado-ivan-illich-y-la-medicalizacion-del-sufrimiento","status":"publish","type":"post","link":"https:\/\/seminariossiap.es\/bsms\/blog\/el-dolor-expropiado-ivan-illich-y-la-medicalizacion-del-sufrimiento\/","title":{"rendered":"El dolor expropiado: Ivan Illich y la medicalizaci\u00f3n del sufrimiento"},"content":{"rendered":"\n<p class=\"wp-block-paragraph\">En esta sesi\u00f3n organizada por el ciclo de inteligencia sanitaria, Abel Novoa presenta el enfoque cr\u00edtico de Ivan Illich hacia el capitalismo, la medicalizaci\u00f3n y el manejo del dolor y la salud mental, destacando la anestesia f\u00edsica, psicol\u00f3gica y social promovida por el sistema. Se discutieron los efectos negativos de la estandarizaci\u00f3n, la hiperprescripci\u00f3n de f\u00e1rmacos, especialmente opi\u00e1ceos y antidepresivos, y la necesidad de abordar el dolor desde la atenci\u00f3n primaria con enfoques m\u00e1s hol\u00edsticos e interdisciplinarios. Varios participantes, compartieron experiencias y reflexiones sobre las dificultades pr\u00e1cticas de cambiar el paradigma biom\u00e9dico, la importancia de la formaci\u00f3n, la prescripci\u00f3n social y el valor de las intervenciones comunitarias. Se subray\u00f3 la complejidad de implementar estos cambios en el d\u00eda a d\u00eda, la resistencia del sistema y la necesidad de recursos y apoyo en atenci\u00f3n primaria, aunque se mantuvo una visi\u00f3n esperanzada sobre la posibilidad de transformaci\u00f3n. La sesi\u00f3n cerr\u00f3 resaltando la independencia del encuentro y el valor de este tipo de debates cr\u00edticos.<\/p>\n\n\n\n<figure class=\"wp-block-embed is-type-video is-provider-youtube wp-block-embed-youtube wp-embed-aspect-4-3 wp-has-aspect-ratio\"><div class=\"wp-block-embed__wrapper\">\n<iframe loading=\"lazy\" title=\"Abel Novoa. \u201cEl sufrimiento expropiado: Ivan Illich y la medicalizaci\u00f3n del dolor\u201d\" width=\"500\" height=\"375\" src=\"https:\/\/www.youtube.com\/embed\/XduVogcjRnU?feature=oembed\" frameborder=\"0\" allow=\"accelerometer; autoplay; clipboard-write; encrypted-media; gyroscope; picture-in-picture; web-share\" referrerpolicy=\"strict-origin-when-cross-origin\" allowfullscreen><\/iframe>\n<\/div><\/figure>\n","protected":false},"excerpt":{"rendered":"<p>En esta sesi\u00f3n organizada por el ciclo de inteligencia sanitaria, Abel Novoa presenta el enfoque cr\u00edtico de Ivan Illich hacia el capitalismo, la medicalizaci\u00f3n y el manejo del dolor y la salud mental, destacando la anestesia f\u00edsica, psicol\u00f3gica y social promovida por el sistema. Se discutieron los efectos negativos de la estandarizaci\u00f3n, la hiperprescripci\u00f3n de [&hellip;]<\/p>\n","protected":false},"author":1,"featured_media":947,"comment_status":"closed","ping_status":"closed","sticky":false,"template":"","format":"standard","meta":{"footnotes":""},"categories":[7,12],"tags":[83,80,74,82,81],"class_list":["post-940","post","type-post","status-publish","format-standard","has-post-thumbnail","hentry","category-noticias","category-videoconferencia","tag-antidepresivos","tag-dolor","tag-medicalizacion","tag-opiaceos","tag-salud-mental"],"_links":{"self":[{"href":"https:\/\/seminariossiap.es\/bsms\/wp-json\/wp\/v2\/posts\/940","targetHints":{"allow":["GET"]}}],"collection":[{"href":"https:\/\/seminariossiap.es\/bsms\/wp-json\/wp\/v2\/posts"}],"about":[{"href":"https:\/\/seminariossiap.es\/bsms\/wp-json\/wp\/v2\/types\/post"}],"author":[{"embeddable":true,"href":"https:\/\/seminariossiap.es\/bsms\/wp-json\/wp\/v2\/users\/1"}],"replies":[{"embeddable":true,"href":"https:\/\/seminariossiap.es\/bsms\/wp-json\/wp\/v2\/comments?post=940"}],"version-history":[{"count":1,"href":"https:\/\/seminariossiap.es\/bsms\/wp-json\/wp\/v2\/posts\/940\/revisions"}],"predecessor-version":[{"id":941,"href":"https:\/\/seminariossiap.es\/bsms\/wp-json\/wp\/v2\/posts\/940\/revisions\/941"}],"wp:featuredmedia":[{"embeddable":true,"href":"https:\/\/seminariossiap.es\/bsms\/wp-json\/wp\/v2\/media\/947"}],"wp:attachment":[{"href":"https:\/\/seminariossiap.es\/bsms\/wp-json\/wp\/v2\/media?parent=940"}],"wp:term":[{"taxonomy":"category","embeddable":true,"href":"https:\/\/seminariossiap.es\/bsms\/wp-json\/wp\/v2\/categories?post=940"},{"taxonomy":"post_tag","embeddable":true,"href":"https:\/\/seminariossiap.es\/bsms\/wp-json\/wp\/v2\/tags?post=940"}],"curies":[{"name":"wp","href":"https:\/\/api.w.org\/{rel}","templated":true}]}}