{"id":952,"date":"2026-09-06T09:04:59","date_gmt":"2026-09-06T09:04:59","guid":{"rendered":"https:\/\/seminariossiap.es\/bsms\/?p=952"},"modified":"2026-09-06T09:05:00","modified_gmt":"2026-09-06T09:05:00","slug":"medicalizacion-prevencion-y-cuerpos-sanos-la-actualidad-de-los-aportes-de-illich-y-foucault","status":"publish","type":"post","link":"https:\/\/seminariossiap.es\/bsms\/blog\/medicalizacion-prevencion-y-cuerpos-sanos-la-actualidad-de-los-aportes-de-illich-y-foucault\/","title":{"rendered":"Medicalizaci\u00f3n, prevenci\u00f3n y cuerpos sanos: la actualidad de los aportes de Illich y Foucault"},"content":{"rendered":"\n<p class=\"wp-block-paragraph\">A partir de los an\u00e1lisis de Illich y Foucault se sostiene que el desarrollo de la medicina moderna ocurre paralelo a una cada vez m\u00e1s profunda medicalizaci\u00f3n que conlleva a importantes cambios en lo que respecta al significado del cuerpo y de la salud. Una de las expresiones actuales m\u00e1s paradigm\u00e1ticas de estas transformaciones se observa en la medicina preventiva de alta tecnolog\u00eda, en cuanto ella contribuye no s\u00f3lo a diluir la experiencia subjetiva de enfermedad y sanidad, sino que tambi\u00e9n dispone al cuerpo para formas sofisticadas de control y poder. El objetivo de este estudio, sin embargo, no es demonizar toda pr\u00e1ctica preventiva, sino m\u00e1s bien, denunciar la medicalizaci\u00f3n como problema creciente y ofrecer elementos te\u00f3ricos y filos\u00f3ficos que permitan comprender mejor este fen\u00f3meno y develar algunos de sus fundamentos normativos ocultos<\/p>\n\n\n\n<p class=\"wp-block-paragraph\">Accede al art\u00edculo completo:&nbsp;<a href=\"https:\/\/www.scielo.org.mx\/scielo.php?script=sci_arttext&amp;pid=S0188-66492018000200407\" target=\"_blank\" rel=\"noreferrer noopener\">https:\/\/www.scielo.org.mx\/scielo.php?script=sci_arttext&amp;pid=S0188-66492018000200407<\/a><\/p>\n\n\n\n<p class=\"wp-block-paragraph\">Puedes asistir al ciclo de video conferencias en linea organizado con motivo del centenario del nacimiento de Ivan Illich. Quedan dos aportaciones de las cuatro que conformaban dicho ciclo. Programa e inscripciones en:&nbsp;<a href=\"https:\/\/seminariossiap.es\/bsms\/blog\/ivan-illich-en-la-clinica-en-el-arte-y-en-la-vida-ciclo-de-videoconfernecias\/\" target=\"_blank\" rel=\"noreferrer noopener\">https:\/\/seminariossiap.es\/bsms\/blog\/ivan-illich-en-la-clinica-en-el-arte-y-en-la-vida-ciclo-de-videoconfernecias\/<\/a><\/p>\n\n\n\n<p class=\"wp-block-paragraph\"><\/p>\n","protected":false},"excerpt":{"rendered":"<p>A partir de los an\u00e1lisis de Illich y Foucault se sostiene que el desarrollo de la medicina moderna ocurre paralelo a una cada vez m\u00e1s profunda medicalizaci\u00f3n que conlleva a importantes cambios en lo que respecta al significado del cuerpo y de la salud. Una de las expresiones actuales m\u00e1s paradigm\u00e1ticas de estas transformaciones se [&hellip;]<\/p>\n","protected":false},"author":1,"featured_media":955,"comment_status":"closed","ping_status":"closed","sticky":false,"template":"","format":"standard","meta":{"footnotes":""},"categories":[7],"tags":[89,87,74,88],"class_list":["post-952","post","type-post","status-publish","format-standard","has-post-thumbnail","hentry","category-noticias","tag-alta-tecnologia","tag-ivan-illich","tag-medicalizacion","tag-medicina-preventiva"],"_links":{"self":[{"href":"https:\/\/seminariossiap.es\/bsms\/wp-json\/wp\/v2\/posts\/952","targetHints":{"allow":["GET"]}}],"collection":[{"href":"https:\/\/seminariossiap.es\/bsms\/wp-json\/wp\/v2\/posts"}],"about":[{"href":"https:\/\/seminariossiap.es\/bsms\/wp-json\/wp\/v2\/types\/post"}],"author":[{"embeddable":true,"href":"https:\/\/seminariossiap.es\/bsms\/wp-json\/wp\/v2\/users\/1"}],"replies":[{"embeddable":true,"href":"https:\/\/seminariossiap.es\/bsms\/wp-json\/wp\/v2\/comments?post=952"}],"version-history":[{"count":1,"href":"https:\/\/seminariossiap.es\/bsms\/wp-json\/wp\/v2\/posts\/952\/revisions"}],"predecessor-version":[{"id":953,"href":"https:\/\/seminariossiap.es\/bsms\/wp-json\/wp\/v2\/posts\/952\/revisions\/953"}],"wp:featuredmedia":[{"embeddable":true,"href":"https:\/\/seminariossiap.es\/bsms\/wp-json\/wp\/v2\/media\/955"}],"wp:attachment":[{"href":"https:\/\/seminariossiap.es\/bsms\/wp-json\/wp\/v2\/media?parent=952"}],"wp:term":[{"taxonomy":"category","embeddable":true,"href":"https:\/\/seminariossiap.es\/bsms\/wp-json\/wp\/v2\/categories?post=952"},{"taxonomy":"post_tag","embeddable":true,"href":"https:\/\/seminariossiap.es\/bsms\/wp-json\/wp\/v2\/tags?post=952"}],"curies":[{"name":"wp","href":"https:\/\/api.w.org\/{rel}","templated":true}]}}